{"id":9464,"date":"2022-12-30T22:00:00","date_gmt":"2022-12-30T20:00:00","guid":{"rendered":"https:\/\/www.hilaro.ee\/wordpress\/?p=9464"},"modified":"2022-12-31T16:44:46","modified_gmt":"2022-12-31T14:44:46","slug":"urmas-sisaski-naarioratoorium-kandles","status":"publish","type":"post","link":"https:\/\/hilaro.ee\/wordpress\/2022\/12\/urmas-sisaski-naarioratoorium-kandles\/","title":{"rendered":"Urmas Sisaski &#8220;N\u00e4\u00e4rioratoorium&#8221; Kandles"},"content":{"rendered":"<section  class='av_textblock_section av-lcc1x2wp-d5369bfa9b299f918c961e95bcb4842c '   itemscope=\"itemscope\" itemtype=\"https:\/\/schema.org\/BlogPosting\" itemprop=\"blogPost\" ><div class='avia_textblock'  itemprop=\"text\" ><p><strong>30. detsembril 2022<\/strong> k\u00f5las Kandles V\u00f5ru kooride juubelikontserdi teises pooles Urmas Sisaski &#8220;N\u00e4\u00e4rioratoorium&#8221;.<\/p>\n<p>Selle teosega panid 2022. aastale punkti V\u00f5ru Meeskoor, V\u00f5ru Segakoor Tervis, koor Tempera, <a class=\"x1i10hfl xjbqb8w x6umtig x1b1mbwd xaqea5y xav7gou x9f619 x1ypdohk xt0psk2 xe8uvvx xdj266r x11i5rnm xat24cr x1mh8g0r xexx8yu x4uap5 x18d9i69 xkhd6sd x16tdsg8 x1hl2dhg xggy1nq x1a2a7pz xt0b8zv x1qq9wsj xo1l8bm\" tabindex=\"0\" role=\"link\" href=\"https:\/\/www.facebook.com\/hilaro.ee?__cft__[0]=AZUfAirBOGJEgWOaKXpbkzZBfLb1UhQtEfgi40aaaf3MtzVd1ppxoEKAhR0P4xE8DRAjP0QnaaEbWyRVCeRJIGQnZflroTqRlV7SV6S3ClXrV9eSHgUnlLGndtH_RUnG-z_AvIzJJRrwr34fvJ2PJqttAGzW9fQ1P8nlcQRYp7p_Gk6Y7YLil0MlJgMBPfANs6I&amp;__tn__=-]K-R\"><span class=\"xt0psk2\">Segakoor Hilaro<\/span><\/a> ning V\u00f5ru Muusikakooli \u00f5petajate instrumentaalansambel ja v\u00f5imlemisklubi Sirutus. Solistideks olid Kaari Kattai ja Tiit Raud.<\/p>\n<p>Liina Kersna kirjutab oma Facebooki lehel: &#8220;T\u00e4iendatud koosseisuga, kus lavale lisandusid V\u00f5ru Muusikakooli \u00f5petajate instrumentaalansambel ja segakoor Hilaro, solist ja tantsijad, tuli esitusele lahkunud Urmas Sisaski N\u00e4\u00e4rioratoorium. See oli v\u00f5imas.<\/p>\n<div class=\"x11i5rnm xat24cr x1mh8g0r x1vvkbs xtlvy1s x126k92a\">\n<div dir=\"auto\">Laval oli \u00fcle 120 laulja, pillimehe ja tantsija. V\u00f5ru t\u00f5estas meile k\u00f5igile selle raske aasta l\u00f5puks, et kogukonna koost\u00f6\u00f6s ja \u00fcksmeeles saab teha suuri asju &#8211; puudutada ja ravida l\u00f5ppevast aastast haavunud hingi. Ait\u00e4h ja maani kummardus <span class=\"x3nfvp2 x1j61x8r x1fcty0u xdj266r xhhsvwb xat24cr xgzva0m xxymvpz xlup9mm x1kky2od\"><img loading=\"lazy\" decoding=\"async\" src=\"https:\/\/static.xx.fbcdn.net\/images\/emoji.php\/v9\/t1f\/2\/16\/1f64f.png\" alt=\"\ud83d\ude4f\" width=\"16\" height=\"16\" \/> &#8220;<\/span><\/div>\n<\/div>\n<\/div><\/section>\n\n<style type=\"text\/css\" data-created_by=\"avia_inline_auto\" id=\"style-css-av-lcc1zifz-6db5bad6462bbdf65c46992dac7a0e08\">\n.avia-image-container.av-lcc1zifz-6db5bad6462bbdf65c46992dac7a0e08 img.avia_image{\nbox-shadow:none;\n}\n.avia-image-container.av-lcc1zifz-6db5bad6462bbdf65c46992dac7a0e08 .av-image-caption-overlay-center{\ncolor:#ffffff;\n}\n<\/style>\n<div  class='avia-image-container av-lcc1zifz-6db5bad6462bbdf65c46992dac7a0e08 av-styling- avia-align-center  avia-builder-el-1  el_after_av_textblock  avia-builder-el-last '   itemprop=\"image\" itemscope=\"itemscope\" itemtype=\"https:\/\/schema.org\/ImageObject\" ><div class=\"avia-image-container-inner\"><div class=\"avia-image-overlay-wrap\"><img decoding=\"async\" fetchpriority=\"high\" class='wp-image-9465 avia-img-lazy-loading-not-9465 avia_image ' src=\"https:\/\/hilaro.ee\/wordpress\/wp-content\/uploads\/2022\/12\/2022_12_30_Naarioratooriumi_grupipilt.jpg\" alt='' title='2022_12_30_N\u00e4\u00e4rioratooriumi_grupipilt'  height=\"1282\" width=\"2048\"  itemprop=\"thumbnailUrl\" srcset=\"https:\/\/hilaro.ee\/wordpress\/wp-content\/uploads\/2022\/12\/2022_12_30_Naarioratooriumi_grupipilt.jpg 2048w, https:\/\/hilaro.ee\/wordpress\/wp-content\/uploads\/2022\/12\/2022_12_30_Naarioratooriumi_grupipilt-300x188.jpg 300w, https:\/\/hilaro.ee\/wordpress\/wp-content\/uploads\/2022\/12\/2022_12_30_Naarioratooriumi_grupipilt-1024x641.jpg 1024w, https:\/\/hilaro.ee\/wordpress\/wp-content\/uploads\/2022\/12\/2022_12_30_Naarioratooriumi_grupipilt-768x481.jpg 768w, https:\/\/hilaro.ee\/wordpress\/wp-content\/uploads\/2022\/12\/2022_12_30_Naarioratooriumi_grupipilt-1536x962.jpg 1536w, https:\/\/hilaro.ee\/wordpress\/wp-content\/uploads\/2022\/12\/2022_12_30_Naarioratooriumi_grupipilt-1500x939.jpg 1500w, https:\/\/hilaro.ee\/wordpress\/wp-content\/uploads\/2022\/12\/2022_12_30_Naarioratooriumi_grupipilt-705x441.jpg 705w\" sizes=\"(max-width: 2048px) 100vw, 2048px\" \/><\/div><\/div><\/div>\n","protected":false},"excerpt":{"rendered":"<p>30. detsembril 2022 k\u00f5las Kandles V\u00f5ru kooride juubelikontserdi teises pooles Urmas Sisaski &#8220;N\u00e4\u00e4rioratoorium.&#8221;<\/p>\n","protected":false},"author":1,"featured_media":9465,"comment_status":"open","ping_status":"open","sticky":false,"template":"","format":"standard","meta":{"footnotes":""},"categories":[1],"tags":[114,28,37],"class_list":["post-9464","post","type-post","status-publish","format-standard","has-post-thumbnail","hentry","category-uudised","tag-114","tag-kontsert-2","tag-kroonika"],"_links":{"self":[{"href":"https:\/\/hilaro.ee\/wordpress\/wp-json\/wp\/v2\/posts\/9464"}],"collection":[{"href":"https:\/\/hilaro.ee\/wordpress\/wp-json\/wp\/v2\/posts"}],"about":[{"href":"https:\/\/hilaro.ee\/wordpress\/wp-json\/wp\/v2\/types\/post"}],"author":[{"embeddable":true,"href":"https:\/\/hilaro.ee\/wordpress\/wp-json\/wp\/v2\/users\/1"}],"replies":[{"embeddable":true,"href":"https:\/\/hilaro.ee\/wordpress\/wp-json\/wp\/v2\/comments?post=9464"}],"version-history":[{"count":2,"href":"https:\/\/hilaro.ee\/wordpress\/wp-json\/wp\/v2\/posts\/9464\/revisions"}],"predecessor-version":[{"id":9467,"href":"https:\/\/hilaro.ee\/wordpress\/wp-json\/wp\/v2\/posts\/9464\/revisions\/9467"}],"wp:featuredmedia":[{"embeddable":true,"href":"https:\/\/hilaro.ee\/wordpress\/wp-json\/wp\/v2\/media\/9465"}],"wp:attachment":[{"href":"https:\/\/hilaro.ee\/wordpress\/wp-json\/wp\/v2\/media?parent=9464"}],"wp:term":[{"taxonomy":"category","embeddable":true,"href":"https:\/\/hilaro.ee\/wordpress\/wp-json\/wp\/v2\/categories?post=9464"},{"taxonomy":"post_tag","embeddable":true,"href":"https:\/\/hilaro.ee\/wordpress\/wp-json\/wp\/v2\/tags?post=9464"}],"curies":[{"name":"wp","href":"https:\/\/api.w.org\/{rel}","templated":true}]}}