{"id":5245,"date":"2017-05-27T21:00:15","date_gmt":"2017-05-27T18:00:15","guid":{"rendered":"http:\/\/www.hilaro.ee\/?p=5245"},"modified":"2017-05-28T09:46:31","modified_gmt":"2017-05-28T06:46:31","slug":"kontsert-koos-ekero-kirikukooriga-kandles","status":"publish","type":"post","link":"https:\/\/hilaro.ee\/wordpress\/2017\/05\/kontsert-koos-ekero-kirikukooriga-kandles\/","title":{"rendered":"Kontsert koos Eker\u00f6 kirikukooriga Kandles"},"content":{"rendered":"<p>27.05.2017 andis Hilaro Kandles kontserdi koos Rootsist p\u00e4rit Eker\u00f6 kiriku segakooriga (Ekero Kyrkok\u00f6r). Meie koore \u00fchendab koost\u00f6\u00f6 Piret Rips-Lauluga, kelle loodud missast me esitasime kontserdil ka koos \u00fche osa &#8211; &#8220;Agnus Dei&#8221;.<\/p>\n<p><a href=\"http:\/\/www.hilaro.ee\/wordpress\/wp-content\/uploads\/2017\/05\/5D3_5260_eker\u00f6.jpg\"><img loading=\"lazy\" decoding=\"async\" src=\"http:\/\/www.hilaro.ee\/wordpress\/wp-content\/uploads\/2017\/05\/5D3_5260_eker\u00f6-300x200.jpg\" alt=\"\" width=\"300\" height=\"200\" class=\"wpimgload alignleft size-medium wp-image-5248 border_magic\" srcset=\"https:\/\/hilaro.ee\/wordpress\/wp-content\/uploads\/2017\/05\/5D3_5260_eker\u00f6-300x200.jpg 300w, https:\/\/hilaro.ee\/wordpress\/wp-content\/uploads\/2017\/05\/5D3_5260_eker\u00f6-1024x683.jpg 1024w, https:\/\/hilaro.ee\/wordpress\/wp-content\/uploads\/2017\/05\/5D3_5260_eker\u00f6-768x512.jpg 768w, https:\/\/hilaro.ee\/wordpress\/wp-content\/uploads\/2017\/05\/5D3_5260_eker\u00f6-1536x1024.jpg 1536w, https:\/\/hilaro.ee\/wordpress\/wp-content\/uploads\/2017\/05\/5D3_5260_eker\u00f6-2048x1366.jpg 2048w, https:\/\/hilaro.ee\/wordpress\/wp-content\/uploads\/2017\/05\/5D3_5260_eker\u00f6-1500x1000.jpg 1500w, https:\/\/hilaro.ee\/wordpress\/wp-content\/uploads\/2017\/05\/5D3_5260_eker\u00f6-705x470.jpg 705w\" sizes=\"(max-width: 300px) 100vw, 300px\" \/><\/a><\/p>\n<p><a href=\"http:\/\/www.hilaro.ee\/wordpress\/wp-content\/uploads\/2017\/05\/5D3_5232_eker\u00f6.jpg\"><img loading=\"lazy\" decoding=\"async\" src=\"http:\/\/www.hilaro.ee\/wordpress\/wp-content\/uploads\/2017\/05\/5D3_5232_eker\u00f6-300x200.jpg\" alt=\"\" width=\"300\" height=\"200\" class=\"wpimgload alignleft size-medium wp-image-5246 border_magic\" srcset=\"https:\/\/hilaro.ee\/wordpress\/wp-content\/uploads\/2017\/05\/5D3_5232_eker\u00f6-300x200.jpg 300w, https:\/\/hilaro.ee\/wordpress\/wp-content\/uploads\/2017\/05\/5D3_5232_eker\u00f6-768x512.jpg 768w, https:\/\/hilaro.ee\/wordpress\/wp-content\/uploads\/2017\/05\/5D3_5232_eker\u00f6-1024x683.jpg 1024w, https:\/\/hilaro.ee\/wordpress\/wp-content\/uploads\/2017\/05\/5D3_5232_eker\u00f6.jpg 1600w\" sizes=\"(max-width: 300px) 100vw, 300px\" \/><\/a><\/p>\n<p><a href=\"http:\/\/www.hilaro.ee\/wordpress\/wp-content\/uploads\/2017\/05\/5D3_5265_eker\u00f6.jpg\"><img loading=\"lazy\" decoding=\"async\" src=\"http:\/\/www.hilaro.ee\/wordpress\/wp-content\/uploads\/2017\/05\/5D3_5265_eker\u00f6-300x200.jpg\" alt=\"\" width=\"300\" height=\"200\" class=\"wpimgload alignleft size-medium wp-image-5249 border_magic\" srcset=\"https:\/\/hilaro.ee\/wordpress\/wp-content\/uploads\/2017\/05\/5D3_5265_eker\u00f6-300x200.jpg 300w, https:\/\/hilaro.ee\/wordpress\/wp-content\/uploads\/2017\/05\/5D3_5265_eker\u00f6-768x512.jpg 768w, https:\/\/hilaro.ee\/wordpress\/wp-content\/uploads\/2017\/05\/5D3_5265_eker\u00f6-1024x683.jpg 1024w, https:\/\/hilaro.ee\/wordpress\/wp-content\/uploads\/2017\/05\/5D3_5265_eker\u00f6.jpg 1600w\" sizes=\"(max-width: 300px) 100vw, 300px\" \/><\/a><\/p>\n<p>[hr]<\/p>\n","protected":false},"excerpt":{"rendered":"<p>27.05.2017 andis Hilaro Kandles kontserdi koos Rootsist p\u00e4rit Eker\u00f6 kiriku segakooriga (Ekero Kyrkok\u00f6r). Meie koore \u00fchendab koost\u00f6\u00f6 Piret Rips-Lauluga, kelle loodud missast me esitasime kontserdil ka koos \u00fche osa &#8211; &#8220;Agnus Dei&#8221;. [hr]<\/p>\n","protected":false},"author":1,"featured_media":0,"comment_status":"open","ping_status":"open","sticky":false,"template":"","format":"standard","meta":{"footnotes":""},"categories":[1],"tags":[70,28,37],"class_list":["post-5245","post","type-post","status-publish","format-standard","hentry","category-uudised","tag-70","tag-kontsert-2","tag-kroonika"],"_links":{"self":[{"href":"https:\/\/hilaro.ee\/wordpress\/wp-json\/wp\/v2\/posts\/5245"}],"collection":[{"href":"https:\/\/hilaro.ee\/wordpress\/wp-json\/wp\/v2\/posts"}],"about":[{"href":"https:\/\/hilaro.ee\/wordpress\/wp-json\/wp\/v2\/types\/post"}],"author":[{"embeddable":true,"href":"https:\/\/hilaro.ee\/wordpress\/wp-json\/wp\/v2\/users\/1"}],"replies":[{"embeddable":true,"href":"https:\/\/hilaro.ee\/wordpress\/wp-json\/wp\/v2\/comments?post=5245"}],"version-history":[{"count":5,"href":"https:\/\/hilaro.ee\/wordpress\/wp-json\/wp\/v2\/posts\/5245\/revisions"}],"predecessor-version":[{"id":5255,"href":"https:\/\/hilaro.ee\/wordpress\/wp-json\/wp\/v2\/posts\/5245\/revisions\/5255"}],"wp:attachment":[{"href":"https:\/\/hilaro.ee\/wordpress\/wp-json\/wp\/v2\/media?parent=5245"}],"wp:term":[{"taxonomy":"category","embeddable":true,"href":"https:\/\/hilaro.ee\/wordpress\/wp-json\/wp\/v2\/categories?post=5245"},{"taxonomy":"post_tag","embeddable":true,"href":"https:\/\/hilaro.ee\/wordpress\/wp-json\/wp\/v2\/tags?post=5245"}],"curies":[{"name":"wp","href":"https:\/\/api.w.org\/{rel}","templated":true}]}}