{"id":4037,"date":"2014-08-31T20:00:09","date_gmt":"2014-08-31T17:00:09","guid":{"rendered":"http:\/\/www.hilaro.ee\/?p=4037"},"modified":"2014-09-04T12:43:16","modified_gmt":"2014-09-04T09:43:16","slug":"kontsert-ala-punde-talus","status":"publish","type":"post","link":"https:\/\/hilaro.ee\/wordpress\/2014\/08\/kontsert-ala-punde-talus\/","title":{"rendered":"Kontsert Ala-Punde talus"},"content":{"rendered":"<p><strong>P\u00fchap\u00e4eval, 31. augustil 2014<\/strong> l\u00f5petas Hilaro oma hooaja kontserdiga Vaabinas, Ala-Punde talus. Nii mitmedki laulud, n\u00e4iteks &#8220;Karjapoiss&#8221; ja &#8220;Ilus maa&#8221; said selles kaunis kohas tavap\u00e4rasest erineva tundega ette kantud&#8230; Eriline oli kontsert ka selle poolest, et esmakordselt koori ajaloos alustas \u00fcks uus laulja kooris kaasa l\u00f6\u00f6mist kohe tunniajalise kontserdiga! Tehke j\u00e4rele \ud83d\ude42<\/p>\n<p><a href=\"http:\/\/www.hilaro.ee\/wordpress\/wp-content\/uploads\/2014\/09\/20140831_1_hilaro.jpg\"><img loading=\"lazy\" decoding=\"async\" src=\"http:\/\/www.hilaro.ee\/wordpress\/wp-content\/uploads\/2014\/09\/20140831_1_hilaro-150x150.jpg\" alt=\"Ala-Punde talus, 1\" width=\"150\" height=\"150\" class=\"wpimgload alignleft size-thumbnail wp-image-4038 border_magic\" \/><\/a><\/p>\n<p><a href=\"http:\/\/www.hilaro.ee\/wordpress\/wp-content\/uploads\/2014\/09\/20140831_2_hilaro.jpg\"><img loading=\"lazy\" decoding=\"async\" src=\"http:\/\/www.hilaro.ee\/wordpress\/wp-content\/uploads\/2014\/09\/20140831_2_hilaro-150x150.jpg\" alt=\"Ala-Punde talus, 1\" width=\"150\" height=\"150\" class=\"wpimgload alignleft size-thumbnail wp-image-4039 border_magic\" \/><\/a> <\/p>\n<p>[hr]<\/p>\n","protected":false},"excerpt":{"rendered":"<p>P\u00fchap\u00e4eval, 31. augustil 2014 l\u00f5petas Hilaro oma hooaja kontserdiga Vaabinas, Ala-Punde talus. Nii mitmedki laulud, n\u00e4iteks &#8220;Karjapoiss&#8221; ja &#8220;Ilus maa&#8221; said selles kaunis kohas tavap\u00e4rasest erineva tundega ette kantud&#8230; Eriline oli kontsert ka selle poolest, et esmakordselt koori ajaloos alustas \u00fcks uus laulja kooris kaasa l\u00f6\u00f6mist kohe tunniajalise kontserdiga! Tehke j\u00e4rele \ud83d\ude42 [hr]<\/p>\n","protected":false},"author":1,"featured_media":0,"comment_status":"open","ping_status":"open","sticky":false,"template":"","format":"standard","meta":{"footnotes":""},"categories":[1],"tags":[61,28,37],"class_list":["post-4037","post","type-post","status-publish","format-standard","hentry","category-uudised","tag-61","tag-kontsert-2","tag-kroonika"],"_links":{"self":[{"href":"https:\/\/hilaro.ee\/wordpress\/wp-json\/wp\/v2\/posts\/4037"}],"collection":[{"href":"https:\/\/hilaro.ee\/wordpress\/wp-json\/wp\/v2\/posts"}],"about":[{"href":"https:\/\/hilaro.ee\/wordpress\/wp-json\/wp\/v2\/types\/post"}],"author":[{"embeddable":true,"href":"https:\/\/hilaro.ee\/wordpress\/wp-json\/wp\/v2\/users\/1"}],"replies":[{"embeddable":true,"href":"https:\/\/hilaro.ee\/wordpress\/wp-json\/wp\/v2\/comments?post=4037"}],"version-history":[{"count":2,"href":"https:\/\/hilaro.ee\/wordpress\/wp-json\/wp\/v2\/posts\/4037\/revisions"}],"predecessor-version":[{"id":4041,"href":"https:\/\/hilaro.ee\/wordpress\/wp-json\/wp\/v2\/posts\/4037\/revisions\/4041"}],"wp:attachment":[{"href":"https:\/\/hilaro.ee\/wordpress\/wp-json\/wp\/v2\/media?parent=4037"}],"wp:term":[{"taxonomy":"category","embeddable":true,"href":"https:\/\/hilaro.ee\/wordpress\/wp-json\/wp\/v2\/categories?post=4037"},{"taxonomy":"post_tag","embeddable":true,"href":"https:\/\/hilaro.ee\/wordpress\/wp-json\/wp\/v2\/tags?post=4037"}],"curies":[{"name":"wp","href":"https:\/\/api.w.org\/{rel}","templated":true}]}}