{"id":2702,"date":"2013-01-13T19:15:36","date_gmt":"2013-01-13T17:15:36","guid":{"rendered":"http:\/\/www.hilaro.ee\/?p=2702"},"modified":"2013-01-13T19:15:36","modified_gmt":"2013-01-13T17:15:36","slug":"laululaager-osulas","status":"publish","type":"post","link":"https:\/\/hilaro.ee\/wordpress\/2013\/01\/laululaager-osulas\/","title":{"rendered":"Laululaager Osulas"},"content":{"rendered":"<p><strong>12.-13. jaanuaril 2013<\/strong> pidas Hilaro talilaagrit Osulas. Aeg jaotus l\u00f5busalt laulu, tantsu, palli- ja muude m\u00e4ngude vahel. \u00d5htuks hakkas \u00fcritus juba pisut lasteaeda meenutama.<\/p>\n\n\t\t<style type=\"text\/css\">\n\t\t\t#gallery-1 {\n\t\t\t\tmargin: auto;\n\t\t\t}\n\t\t\t#gallery-1 .gallery-item {\n\t\t\t\tfloat: left;\n\t\t\t\tmargin-top: 10px;\n\t\t\t\ttext-align: center;\n\t\t\t\twidth: 33%;\n\t\t\t}\n\t\t\t#gallery-1 img {\n\t\t\t\tborder: 2px solid #cfcfcf;\n\t\t\t}\n\t\t\t#gallery-1 .gallery-caption {\n\t\t\t\tmargin-left: 0;\n\t\t\t}\n\t\t\t\/* see gallery_shortcode() in wp-includes\/media.php *\/\n\t\t<\/style>\n\t\t<div id='gallery-1' class='gallery galleryid-2702 gallery-columns-3 gallery-size-thumbnail'><dl class='gallery-item'>\n\t\t\t<dt class='gallery-icon landscape'>\n\t\t\t\t<a href='https:\/\/hilaro.ee\/wordpress\/2013\/01\/laululaager-osulas\/img_0736_koduleht\/'><img loading=\"lazy\" decoding=\"async\" width=\"150\" height=\"150\" src=\"https:\/\/hilaro.ee\/wordpress\/wp-content\/uploads\/2013\/01\/IMG_0736_koduleht-150x150.jpg\" class=\"attachment-thumbnail size-thumbnail\" alt=\"\" aria-describedby=\"gallery-1-2703\" \/><\/a>\n\t\t\t<\/dt>\n\t\t\t\t<dd class='wp-caption-text gallery-caption' id='gallery-1-2703'>\n\t\t\t\tKellele meeldib koos laulmisega ka tantsida?\n\t\t\t\t<\/dd><\/dl><dl class='gallery-item'>\n\t\t\t<dt class='gallery-icon landscape'>\n\t\t\t\t<a href='https:\/\/hilaro.ee\/wordpress\/2013\/01\/laululaager-osulas\/img_0817_koduleht\/'><img loading=\"lazy\" decoding=\"async\" width=\"150\" height=\"150\" src=\"https:\/\/hilaro.ee\/wordpress\/wp-content\/uploads\/2013\/01\/IMG_0817_koduleht-150x150.jpg\" class=\"attachment-thumbnail size-thumbnail\" alt=\"\" aria-describedby=\"gallery-1-2704\" \/><\/a>\n\t\t\t<\/dt>\n\t\t\t\t<dd class='wp-caption-text gallery-caption' id='gallery-1-2704'>\n\t\t\t\tLisaks laulmisele tehti muidki arendavaid tegevusi.\n\t\t\t\t<\/dd><\/dl>\n\t\t\t<br style='clear: both' \/>\n\t\t<\/div>\n\n","protected":false},"excerpt":{"rendered":"<p>12.-13. jaanuaril 2013 pidas Hilaro talilaagrit Osulas. Aeg jaotus l\u00f5busalt laulu, tantsu, palli- ja muude m\u00e4ngude vahel. \u00d5htuks hakkas \u00fcritus juba pisut lasteaeda meenutama.<\/p>\n","protected":false},"author":1,"featured_media":0,"comment_status":"open","ping_status":"open","sticky":false,"template":"","format":"standard","meta":{"footnotes":""},"categories":[1],"tags":[55,37,30,25],"class_list":["post-2702","post","type-post","status-publish","format-standard","hentry","category-uudised","tag-55","tag-kroonika","tag-laagrid-2","tag-uritused"],"_links":{"self":[{"href":"https:\/\/hilaro.ee\/wordpress\/wp-json\/wp\/v2\/posts\/2702"}],"collection":[{"href":"https:\/\/hilaro.ee\/wordpress\/wp-json\/wp\/v2\/posts"}],"about":[{"href":"https:\/\/hilaro.ee\/wordpress\/wp-json\/wp\/v2\/types\/post"}],"author":[{"embeddable":true,"href":"https:\/\/hilaro.ee\/wordpress\/wp-json\/wp\/v2\/users\/1"}],"replies":[{"embeddable":true,"href":"https:\/\/hilaro.ee\/wordpress\/wp-json\/wp\/v2\/comments?post=2702"}],"version-history":[{"count":3,"href":"https:\/\/hilaro.ee\/wordpress\/wp-json\/wp\/v2\/posts\/2702\/revisions"}],"predecessor-version":[{"id":2707,"href":"https:\/\/hilaro.ee\/wordpress\/wp-json\/wp\/v2\/posts\/2702\/revisions\/2707"}],"wp:attachment":[{"href":"https:\/\/hilaro.ee\/wordpress\/wp-json\/wp\/v2\/media?parent=2702"}],"wp:term":[{"taxonomy":"category","embeddable":true,"href":"https:\/\/hilaro.ee\/wordpress\/wp-json\/wp\/v2\/categories?post=2702"},{"taxonomy":"post_tag","embeddable":true,"href":"https:\/\/hilaro.ee\/wordpress\/wp-json\/wp\/v2\/tags?post=2702"}],"curies":[{"name":"wp","href":"https:\/\/api.w.org\/{rel}","templated":true}]}}