{"id":1744,"date":"2011-11-07T08:20:03","date_gmt":"2011-11-07T06:20:03","guid":{"rendered":"http:\/\/www.hilaro.ee\/?p=1744"},"modified":"2011-11-07T08:20:03","modified_gmt":"2011-11-07T06:20:03","slug":"voru-kultuurimaja-kannel-tahistas-juubelit-err-uudised","status":"publish","type":"post","link":"https:\/\/hilaro.ee\/wordpress\/2011\/11\/voru-kultuurimaja-kannel-tahistas-juubelit-err-uudised\/","title":{"rendered":"V\u00f5ru kultuurimaja Kannel t\u00e4histas juubelit (ERR uudised)"},"content":{"rendered":"<p><em>Igor Taro, V\u00f5ru<\/em><br \/>\nV\u00f5ru kultuurimaja Kannel t\u00e4histab sel n\u00e4dalavahetusel 130 aasta m\u00f6\u00f6dumist samanimelise seltsi asutamisest eestlaste rahvusliku \u00e4rkamise perioodil.<br \/>\nV\u00f5ru Kannel pidi oma juubelit t\u00e4histama p\u00e4ris mitme kontserdiga, sest majas tegutsevaid kollektiive on rohkem, kui \u00fcks eeskava mahutada v\u00f5imaldab, vahendas &#8220;Aktuaalne kaamera&#8221;.<br \/>\n<a href=\"http:\/\/uudised.err.ee\/index.php?06238382\" title=\"ERR Uudised\" target=\"_blank\">+ Loe edasi ERR uudistest<\/a><\/p>\n<p><iframe loading=\"lazy\" src=\"http:\/\/uudised.err.ee\/external\/iframeplayer\/uudised_iframe.php?lng=0&amp;vid=44048\" width=\"450\" height=\"324\" frameborder=\"0\" scrolling=\"no\"><br \/>\n<\/iframe><\/p>\n","protected":false},"excerpt":{"rendered":"<p>Igor Taro, V\u00f5ru V\u00f5ru kultuurimaja Kannel t\u00e4histab sel n\u00e4dalavahetusel 130 aasta m\u00f6\u00f6dumist samanimelise seltsi asutamisest eestlaste rahvusliku \u00e4rkamise perioodil. V\u00f5ru Kannel pidi oma juubelit t\u00e4histama p\u00e4ris mitme kontserdiga, sest majas tegutsevaid kollektiive on rohkem, kui \u00fcks eeskava mahutada v\u00f5imaldab, vahendas &#8220;Aktuaalne kaamera&#8221;. + Loe edasi ERR uudistest<\/p>\n","protected":false},"author":1,"featured_media":0,"comment_status":"open","ping_status":"open","sticky":false,"template":"","format":"standard","meta":{"footnotes":""},"categories":[1],"tags":[27,28,44,32],"class_list":["post-1744","post","type-post","status-publish","format-standard","hentry","category-uudised","tag-27","tag-kontsert-2","tag-meedia","tag-teated"],"_links":{"self":[{"href":"https:\/\/hilaro.ee\/wordpress\/wp-json\/wp\/v2\/posts\/1744"}],"collection":[{"href":"https:\/\/hilaro.ee\/wordpress\/wp-json\/wp\/v2\/posts"}],"about":[{"href":"https:\/\/hilaro.ee\/wordpress\/wp-json\/wp\/v2\/types\/post"}],"author":[{"embeddable":true,"href":"https:\/\/hilaro.ee\/wordpress\/wp-json\/wp\/v2\/users\/1"}],"replies":[{"embeddable":true,"href":"https:\/\/hilaro.ee\/wordpress\/wp-json\/wp\/v2\/comments?post=1744"}],"version-history":[{"count":2,"href":"https:\/\/hilaro.ee\/wordpress\/wp-json\/wp\/v2\/posts\/1744\/revisions"}],"predecessor-version":[{"id":1746,"href":"https:\/\/hilaro.ee\/wordpress\/wp-json\/wp\/v2\/posts\/1744\/revisions\/1746"}],"wp:attachment":[{"href":"https:\/\/hilaro.ee\/wordpress\/wp-json\/wp\/v2\/media?parent=1744"}],"wp:term":[{"taxonomy":"category","embeddable":true,"href":"https:\/\/hilaro.ee\/wordpress\/wp-json\/wp\/v2\/categories?post=1744"},{"taxonomy":"post_tag","embeddable":true,"href":"https:\/\/hilaro.ee\/wordpress\/wp-json\/wp\/v2\/tags?post=1744"}],"curies":[{"name":"wp","href":"https:\/\/api.w.org\/{rel}","templated":true}]}}