{"id":10355,"date":"2025-02-01T15:50:00","date_gmt":"2025-02-01T13:50:00","guid":{"rendered":"https:\/\/www.hilaro.ee\/wordpress\/?p=10355"},"modified":"2025-03-24T09:54:25","modified_gmt":"2025-03-24T07:54:25","slug":"2025-segakooride-1-ettelaulmine","status":"publish","type":"post","link":"https:\/\/hilaro.ee\/wordpress\/2025\/02\/2025-segakooride-1-ettelaulmine\/","title":{"rendered":"Segakooride esimene ettelaulmine Kandles"},"content":{"rendered":"<section  class='av_textblock_section av-m2pp6nen-a5d2ba830a55c67b638663237f25acdd '   itemscope=\"itemscope\" itemtype=\"https:\/\/schema.org\/BlogPosting\" itemprop=\"blogPost\" ><div class='avia_textblock'  itemprop=\"text\" ><p>1. veebruaril 2025 kohtusid V\u00f5ru Kandles laulupeokarussellil kahe maakonna segakoorid \u2013 V\u00f5ru Kandles toimus \u00fcldlaulu- ja tantsupeo segakooride I eelproov. Ettelaulmisele tulid 8 segakoori V\u00f5rumaalt ja 2 Valgamaalt, meil olid k\u00fclas segakooride liigijuht Triin Koch ja dirigent Rasmus Puur.<\/p>\n<div id=\"attachment_10356\" style=\"width: 1690px\" class=\"wp-caption alignnone\"><a href=\"https:\/\/www.hilaro.ee\/wordpress\/wp-content\/uploads\/2025\/02\/2025_02_01_ettelaulmine.jpg\"><img loading=\"lazy\" decoding=\"async\" aria-describedby=\"caption-attachment-10356\" class=\"size-full wp-image-10356\" src=\"https:\/\/www.hilaro.ee\/wordpress\/wp-content\/uploads\/2025\/02\/2025_02_01_ettelaulmine.jpg\" alt=\"\" width=\"1680\" height=\"945\" srcset=\"https:\/\/hilaro.ee\/wordpress\/wp-content\/uploads\/2025\/02\/2025_02_01_ettelaulmine.jpg 1680w, https:\/\/hilaro.ee\/wordpress\/wp-content\/uploads\/2025\/02\/2025_02_01_ettelaulmine-300x169.jpg 300w, https:\/\/hilaro.ee\/wordpress\/wp-content\/uploads\/2025\/02\/2025_02_01_ettelaulmine-1024x576.jpg 1024w, https:\/\/hilaro.ee\/wordpress\/wp-content\/uploads\/2025\/02\/2025_02_01_ettelaulmine-768x432.jpg 768w, https:\/\/hilaro.ee\/wordpress\/wp-content\/uploads\/2025\/02\/2025_02_01_ettelaulmine-1536x864.jpg 1536w, https:\/\/hilaro.ee\/wordpress\/wp-content\/uploads\/2025\/02\/2025_02_01_ettelaulmine-1500x844.jpg 1500w, https:\/\/hilaro.ee\/wordpress\/wp-content\/uploads\/2025\/02\/2025_02_01_ettelaulmine-705x397.jpg 705w\" sizes=\"(max-width: 1680px) 100vw, 1680px\" \/><\/a><p id=\"caption-attachment-10356\" class=\"wp-caption-text\">Segakoor Hilaro ettelaulmisel<\/p><\/div>\n<\/div><\/section>\n","protected":false},"excerpt":{"rendered":"<p>01. veebruaril 2025 kohtusid V\u00f5ru Kandles laulupeokarussellil kahe maakonna segakoorid \u2013 V\u00f5ru Kandles toimus \u00fcldlaulu- ja tantsupeo segakooride I eelproov. Ettelaulmisele tulid 8 segakoori V\u00f5rumaalt ja 2 Valgamaalt, meil olid k\u00fclas segakooride liigijuht Triin Koch ja dirigent Rasmus Puur.<\/p>\n","protected":false},"author":1,"featured_media":10356,"comment_status":"open","ping_status":"open","sticky":false,"template":"","format":"standard","meta":{"footnotes":""},"categories":[1],"tags":[122,28,37],"class_list":["post-10355","post","type-post","status-publish","format-standard","has-post-thumbnail","hentry","category-uudised","tag-122","tag-kontsert-2","tag-kroonika"],"_links":{"self":[{"href":"https:\/\/hilaro.ee\/wordpress\/wp-json\/wp\/v2\/posts\/10355"}],"collection":[{"href":"https:\/\/hilaro.ee\/wordpress\/wp-json\/wp\/v2\/posts"}],"about":[{"href":"https:\/\/hilaro.ee\/wordpress\/wp-json\/wp\/v2\/types\/post"}],"author":[{"embeddable":true,"href":"https:\/\/hilaro.ee\/wordpress\/wp-json\/wp\/v2\/users\/1"}],"replies":[{"embeddable":true,"href":"https:\/\/hilaro.ee\/wordpress\/wp-json\/wp\/v2\/comments?post=10355"}],"version-history":[{"count":2,"href":"https:\/\/hilaro.ee\/wordpress\/wp-json\/wp\/v2\/posts\/10355\/revisions"}],"predecessor-version":[{"id":10398,"href":"https:\/\/hilaro.ee\/wordpress\/wp-json\/wp\/v2\/posts\/10355\/revisions\/10398"}],"wp:featuredmedia":[{"embeddable":true,"href":"https:\/\/hilaro.ee\/wordpress\/wp-json\/wp\/v2\/media\/10356"}],"wp:attachment":[{"href":"https:\/\/hilaro.ee\/wordpress\/wp-json\/wp\/v2\/media?parent=10355"}],"wp:term":[{"taxonomy":"category","embeddable":true,"href":"https:\/\/hilaro.ee\/wordpress\/wp-json\/wp\/v2\/categories?post=10355"},{"taxonomy":"post_tag","embeddable":true,"href":"https:\/\/hilaro.ee\/wordpress\/wp-json\/wp\/v2\/tags?post=10355"}],"curies":[{"name":"wp","href":"https:\/\/api.w.org\/{rel}","templated":true}]}}